{"id":48112,"date":"2025-03-25T17:02:41","date_gmt":"2025-03-25T17:02:41","guid":{"rendered":"https:\/\/geekdois.com\/?p=48112"},"modified":"2025-03-25T17:02:41","modified_gmt":"2025-03-25T17:02:41","slug":"professzionalis-fenykepeket-keszithet","status":"publish","type":"post","link":"https:\/\/geekdois.com\/hu\/professzionalis-fenykepeket-keszithet\/","title":{"rendered":"Ingyenes alkalmaz\u00e1sok professzion\u00e1lis f\u00e9nyk\u00e9pek k\u00e9sz\u00edt\u00e9s\u00e9hez"},"content":{"rendered":"<p>Napjainkban a <strong>professzion\u00e1lis fot\u00f3k k\u00e9sz\u00edt\u00e9se<\/strong> m\u00e1r nem kiz\u00e1r\u00f3lag a dr\u00e1ga berendez\u00e9sekre \u00e9s az \u00f6sszetett szoftverekre jellemz\u0151. A mobiltechnol\u00f3gia fejl\u0151d\u00e9s\u00e9vel sz\u00e1mos <strong>ingyenes alkalmaz\u00e1sok professzion\u00e1lis fot\u00f3k k\u00e9sz\u00edt\u00e9s\u00e9hez<\/strong> megjelentek a piacon, lehet\u0151v\u00e9 t\u00e9ve b\u00e1rki sz\u00e1m\u00e1ra, hogy k\u00e9peit val\u00f3di m\u0171alkot\u00e1sokk\u00e1 alak\u00edtsa k\u00f6zvetlen\u00fcl a mobiltelefonj\u00e1r\u00f3l. Ezek az eszk\u00f6z\u00f6k olyan funkci\u00f3kat k\u00edn\u00e1lnak, mint <strong>kreat\u00edv sz\u0171r\u0151k<\/strong>, <strong>fot\u00f3retus\u00e1l\u00e1s<\/strong> \u00e9s az automatikus be\u00e1ll\u00edt\u00e1sok, \u00edgy a szerkeszt\u00e9si folyamat k\u00f6nnyen hozz\u00e1f\u00e9rhet\u0151 \u00e9s intuit\u00edv.<\/p>\n\n\n\n<p>Ezenk\u00edv\u00fcl ezek az alkalmaz\u00e1sok ide\u00e1lisak azok sz\u00e1m\u00e1ra, akik szeretn\u00e9k feljav\u00edtani fot\u00f3ikat k\u00f6z\u00f6ss\u00e9gi m\u00e9dia platformokon, p\u00e9ld\u00e1ul az Instagramon, a TikTokon \u00e9s a Snapchatben. A fejlett funkci\u00f3knak, mint p\u00e9ld\u00e1ul a <strong>r\u00e9tegek \u00e9s text\u00far\u00e1k<\/strong>, <strong>t\u00f6k\u00e9letes keretez\u00e9s<\/strong> \u00e9s <strong>egyedi ecsetek<\/strong>, professzion\u00e1lis felszerel\u00e9sek beszerz\u00e9se n\u00e9lk\u00fcl is lehets\u00e9ges kiv\u00e1l\u00f3 min\u0151s\u00e9g\u0171 eredm\u00e9nyeket el\u00e9rni. Az al\u00e1bbiakban \u00f6t olyan lehet\u0151s\u00e9get mutatunk be, amelyek kiemelkednek a piacon, \u00e9s emelhetik az \u00d6n <strong>ingyenes vizu\u00e1lis produkci\u00f3<\/strong>.<\/p>\n\n\n\n<h2 class=\"wp-block-heading\">Mi\u00e9rt \u00e9rdemes ingyenes alkalmaz\u00e1sokat haszn\u00e1lni professzion\u00e1lis fot\u00f3k k\u00e9sz\u00edt\u00e9s\u00e9hez?<\/h2>\n\n\n\n<p>Miel\u0151tt megvizsg\u00e1ln\u00e1nk a rendelkez\u00e9sre \u00e1ll\u00f3 lehet\u0151s\u00e9geket, fontos meg\u00e9rteni, mi\u00e9rt <strong>ingyenes alkalmaz\u00e1sok<\/strong> nagyon \u00e9rt\u00e9kesek azok sz\u00e1m\u00e1ra, akik professzion\u00e1lis fot\u00f3kat szeretn\u00e9nek k\u00e9sz\u00edteni. El\u0151sz\u00f6r is, praktikus \u00e9s megfizethet\u0151 megold\u00e1st k\u00edn\u00e1lnak azok sz\u00e1m\u00e1ra, akik nem rendelkeznek halad\u00f3 szint\u0171 ismeretekkel a... <strong>k\u00e9pszerkeszt\u00e9s<\/strong> vagy <strong>grafikai tervez\u00e9s<\/strong>Ezenk\u00edv\u00fcl ezeknek az alkalmaz\u00e1soknak sok intuit\u00edv fel\u00fclete van, amely k\u00f6nnyen haszn\u00e1lhat\u00f3v\u00e1 teszi \u0151ket, m\u00e9g a mobilfot\u00f3z\u00e1sban kezd\u0151k sz\u00e1m\u00e1ra is.<\/p>\n\n\n\n<p>M\u00e1sr\u00e9szt ezek az eszk\u00f6z\u00f6k hasznosak a rugalmas \u00e9s praktikus megold\u00e1sokat keres\u0151 szakemberek sz\u00e1m\u00e1ra is. Olyan funkci\u00f3kkal, mint a <strong>el\u0151be\u00e1ll\u00edt\u00e1sok a f\u00e9nyk\u00e9pekhez<\/strong>, <strong>vizu\u00e1lis effektusok<\/strong> A prec\u00edz f\u00e9ny- \u00e9s \u00e1rny\u00e9kkorrekci\u00f3nak k\u00f6sz\u00f6nhet\u0151en ezekkel az alkalmaz\u00e1sokkal percek alatt leny\u0171g\u00f6z\u0151 k\u00e9peket k\u00e9sz\u00edthetsz. Teh\u00e1t a tapasztalati szintedt\u0151l f\u00fcggetlen\u00fcl mindig tal\u00e1lsz valami felfedeznival\u00f3t.<\/p>\n\n\n\n<h3 class=\"wp-block-heading\">Snapseed: Halad\u00f3 szerkeszt\u00e9s teljes kontrollal<\/h3>\n\n\n\n<p>O <strong><a href=\"https:\/\/play.google.com\/store\/apps\/details?id=com.niksoftware.snapseed&amp;hl=pt_BR&amp;gl=US\">Snapseed<\/a><\/strong> az egyik legteljesebb alkalmaz\u00e1s, ha a k\u00f6vetkez\u0151kr\u0151l van sz\u00f3 <strong>k\u00e9pszerkeszt\u00e9s<\/strong>. A Google \u00e1ltal fejlesztett alkalmaz\u00e1s sz\u00e1mos eszk\u00f6zt k\u00edn\u00e1l a sz\u00ednek, a f\u00e9ny, az \u00e1rny\u00e9k \u00e9s a text\u00far\u00e1k be\u00e1ll\u00edt\u00e1s\u00e1hoz. Ezenk\u00edv\u00fcl a Snapseed lehet\u0151v\u00e9 teszi a k\u00f6vetkez\u0151kkel val\u00f3 munk\u00e1t: <strong>r\u00e9tegek<\/strong>, \u00edgy nagyobb kontrollt biztos\u00edt a k\u00e9p minden r\u00e9szlete felett.<\/p>\n\n\n\n<p>A Snapseed egy m\u00e1sik egyedi tulajdons\u00e1ga a sokoldal\u00fas\u00e1ga. Mindent k\u00edn\u00e1l az automatikus be\u00e1ll\u00edt\u00e1sokt\u00f3l kezdve a fejlett funkci\u00f3kig, mint p\u00e9ld\u00e1ul a prec\u00edz v\u00e1g\u00e1s \u00e9s a perspekt\u00edvakorrekci\u00f3. Azok sz\u00e1m\u00e1ra, akik professzion\u00e1lis min\u0151s\u00e9get \u00e9s rugalmass\u00e1got keresnek, ez a megfelel\u0151 v\u00e1laszt\u00e1s. Pr\u00f3b\u00e1ld ki, \u00e9s n\u00e9zd meg, hogyan v\u00e1lhatnak a fot\u00f3id hat\u00e1sosabb\u00e1.<\/p>\n\n\n\n<h3 class=\"wp-block-heading\">VSCO: Kreat\u00edv sz\u0171r\u0151k \u00e9s exkluz\u00edv el\u0151be\u00e1ll\u00edt\u00e1sok<\/h3>\n\n\n\n<p>O <strong><a href=\"https:\/\/vsco.co\/pt-br\">VSCO<\/a><\/strong> sz\u00e9les k\u00f6rben ismert arr\u00f3l, hogy <strong>kreat\u00edv sz\u0171r\u0151k<\/strong> \u00e9s egyedi szerkeszt\u00e9si st\u00edlusok. Lehet\u0151v\u00e9 teszi az alkalmaz\u00e1st <strong>el\u0151be\u00e1ll\u00edt\u00e1sok a f\u00e9nyk\u00e9pekhez<\/strong> egyetlen \u00e9rint\u00e9ssel azonnal m\u0171alkot\u00e1sokk\u00e1 alak\u00edthatja k\u00e9peit. Ezenk\u00edv\u00fcl a VSCO alapvet\u0151 be\u00e1ll\u00edt\u00f3 eszk\u00f6z\u00f6ket k\u00edn\u00e1l, mint p\u00e9ld\u00e1ul a f\u00e9nyer\u0151, a kontraszt \u00e9s a tel\u00edtetts\u00e9g, hogy tov\u00e1bb testreszabhasd alkot\u00e1saidat.<\/p>\n\n\n\n<p>A VSCO egyik nagy el\u0151nye az akt\u00edv k\u00f6z\u00f6ss\u00e9ge, ahol a felhaszn\u00e1l\u00f3k tippeket \u00e9s inspir\u00e1ci\u00f3t osztanak meg egym\u00e1ssal. Azok sz\u00e1m\u00e1ra, akik egyszer\u0171 \u00e9s kreat\u00edv megold\u00e1sokat keresnek, ez egy ide\u00e1lis v\u00e1laszt\u00e1s. Pr\u00f3b\u00e1ld ki, \u00e9s fedezd fel, hogyan kelhetnek \u00e9letre fot\u00f3id egyedi st\u00edlusokkal.<\/p>\n\n\n\n<h3 class=\"wp-block-heading\">Adobe Lightroom: Professzion\u00e1lis szerkeszt\u00e9s mobilon<\/h3>\n\n\n\n<p>O <strong><a href=\"https:\/\/www.adobe.com\/br\/products\/photoshop-lightroom-mobile.html\">Adobe Lightroom<\/a><\/strong> a h\u00edres szoftver mobil verzi\u00f3ja <strong>k\u00e9pszerkeszt\u00e9s<\/strong> profi fot\u00f3sok haszn\u00e1lj\u00e1k. Olyan fejlett funkci\u00f3kat k\u00edn\u00e1l, mint a r\u00e9szletes sz\u00edn-, f\u00e9ny- \u00e9s \u00e1rny\u00e9kbe\u00e1ll\u00edt\u00e1sok, valamint egy k\u00f6nyvt\u00e1r <strong>el\u0151be\u00e1ll\u00edt\u00e1sok a f\u00e9nyk\u00e9pekhez<\/strong> amelyek id\u0151t takar\u00edtanak meg szerkeszt\u00e9s k\u00f6zben. Ezenk\u00edv\u00fcl a Lightroom lehet\u0151v\u00e9 teszi a szerkeszt\u00e9sek szinkroniz\u00e1l\u00e1s\u00e1t az eszk\u00f6z\u00f6k k\u00f6z\u00f6tt, biztos\u00edtva a projektek k\u00f6z\u00f6tti egys\u00e9gess\u00e9get.<\/p>\n\n\n\n<p>Egy m\u00e1sik pozit\u00edvum az intuit\u00edv kezel\u0151fel\u00fclet, amely m\u00e9g a kezd\u0151k sz\u00e1m\u00e1ra is k\u00f6nnyen haszn\u00e1lhat\u00f3. Azok sz\u00e1m\u00e1ra, akik egy robusztus \u00e9s megb\u00edzhat\u00f3 megold\u00e1st keresnek, ez egy n\u00e9lk\u00fcl\u00f6zhetetlen eszk\u00f6z. Pr\u00f3b\u00e1ld ki, \u00e9s n\u00e9zd meg, hogyan \u00e9rhetik el a fot\u00f3id a professzion\u00e1lis szintet.<\/p>\n\n\n\n<h3 class=\"wp-block-heading\">PicsArt: Korl\u00e1tlan kreativit\u00e1s grafikai tervez\u00e9ssel<\/h3>\n\n\n\n<p>O <strong><a href=\"https:\/\/picsart.com\/pt-br\">PicsArt<\/a><\/strong> egy olyan alkalmaz\u00e1s, amely azoknak sz\u00f3l, akik szeretn\u00e9k felfedezni a <strong>professzion\u00e1lis fot\u00f3k k\u00e9sz\u00edt\u00e9se<\/strong> egy csipetnyi grafikai tervez\u00e9ssel. Olyan funkci\u00f3kat k\u00edn\u00e1l, mint <strong>egyedi ecsetek<\/strong>, sz\u00f6veges \u00e9s grafikai elemek hozz\u00e1ad\u00e1s\u00e1val, valamint koll\u00e1zseszk\u00f6z\u00f6kkel egyedi kompoz\u00edci\u00f3k l\u00e9trehoz\u00e1s\u00e1ra. Ezenk\u00edv\u00fcl a PicsArt hatalmas matrica- \u00e9s keretk\u00f6nyvt\u00e1rral rendelkezik a k\u00e9pek szem\u00e9lyre szab\u00e1s\u00e1hoz.<\/p>\n\n\n\n<p>A PicsArt egyik \u00e9rdekes tulajdons\u00e1ga a sokoldal\u00fas\u00e1ga. Ide\u00e1lis mind az egyszer\u0171 szerkeszt\u00e9sekhez, mind a bonyolultabb projektekhez. Azok sz\u00e1m\u00e1ra, akik kreat\u00edv szabads\u00e1gra v\u00e1gynak, ez egy nagyszer\u0171 v\u00e1laszt\u00e1s. Pr\u00f3b\u00e1ld ki, \u00e9s fedezd fel, hogyan v\u00e1lhatnak fot\u00f3id kifejez\u0151bb\u00e9.<\/p>\n\n\n\n<h3 class=\"wp-block-heading\">Canva: Leegyszer\u0171s\u00edtett diz\u00e1jn k\u00f6z\u00f6ss\u00e9gi m\u00e9di\u00e1hoz<\/h3>\n\n\n\n<p>O <strong><a href=\"https:\/\/www.canva.com\/pt_br\/\">Canva<\/a><\/strong> egy sz\u00e9les k\u00f6rben haszn\u00e1lt platform hat\u00e1sos tervek k\u00e9sz\u00edt\u00e9s\u00e9hez, bele\u00e9rtve a <strong>fot\u00f3k a k\u00f6z\u00f6ss\u00e9gi h\u00e1l\u00f3zatokhoz<\/strong>. K\u00e9sz sablonokat k\u00edn\u00e1l az Instagram t\u00f6rt\u00e9netekhez, bejegyz\u00e9sekhez \u00e9s m\u00e9g a TikTok bor\u00edt\u00f3khoz is. Ezenk\u00edv\u00fcl a Canva lehet\u0151v\u00e9 teszi sz\u00f6vegek, ikonok \u00e9s grafikai elemek hozz\u00e1ad\u00e1s\u00e1t, hogy n\u00e9h\u00e1ny perc alatt professzion\u00e1lis k\u00e9peket k\u00e9sz\u00edtsen.<\/p>\n\n\n\n<p>Egy m\u00e1sik k\u00fcl\u00f6nbs\u00e9g a Canv\u00e1val szemben az egyszer\u0171s\u00e9ge. M\u00e9g azok is, akiknek nincs tapasztalatuk <strong>grafikai tervez\u00e9s<\/strong> k\u00f6nnyed\u00e9n k\u00e9sz\u00edthet elk\u00e9peszt\u0151 terveket. Azok sz\u00e1m\u00e1ra, akik praktikumra \u00e9s gyors eredm\u00e9nyekre v\u00e1gynak, ez egy hat\u00e9kony eszk\u00f6z. Pr\u00f3b\u00e1lja ki, \u00e9s n\u00e9zze meg, hogyan t\u0171nhetnek ki bejegyz\u00e9sei a k\u00f6z\u00f6ss\u00e9gi m\u00e9di\u00e1ban.<\/p>\n\n\n\n<h2 class=\"wp-block-heading\">Funkci\u00f3k, amelyek n\u00e9lk\u00fcl\u00f6zhetetlenn\u00e9 teszik ezeket az alkalmaz\u00e1sokat<\/h2>\n\n\n\n<p>Most, hogy tudjuk a f\u0151 <strong>ingyenes alkalmaz\u00e1sok professzion\u00e1lis fot\u00f3k k\u00e9sz\u00edt\u00e9s\u00e9hez<\/strong>, fontos kiemelni azokat a jellemz\u0151ket, amelyek annyira k\u00fcl\u00f6nlegess\u00e9 teszik \u0151ket. El\u0151sz\u00f6r is, mindegyik olyan funkci\u00f3kat k\u00edn\u00e1l, mint <strong>kreat\u00edv sz\u0171r\u0151k<\/strong>, <strong>automatikus be\u00e1ll\u00edt\u00e1sok<\/strong> \u00e9s fejlett eszk\u00f6z\u00f6k <strong>fot\u00f3retus\u00e1l\u00e1s<\/strong>. Ezek a funkci\u00f3k biztos\u00edtj\u00e1k, hogy teljes m\u00e9rt\u00e9kben k\u00e9zben tarthatod a szerkeszt\u00e9seket, ak\u00e1r m\u0171szaki ismeretek n\u00e9lk\u00fcl is.<\/p>\n\n\n\n<p>Egy m\u00e1sik d\u00f6nt\u0151 szempont ezen eszk\u00f6z\u00f6k egyszer\u0171 haszn\u00e1lata. M\u00e9g akkor is, ha nincs kor\u00e1bbi tapasztalatod <strong>mobil fot\u00f3z\u00e1s<\/strong>, az intuit\u00edv men\u00fckben navig\u00e1lhat, \u00e9s gyorsan elv\u00e9gezheti a szerkeszt\u00e9seket. Ezenk\u00edv\u00fcl ezek k\u00f6z\u00fcl az alkalmaz\u00e1sok k\u00f6z\u00fcl sok k\u00f6z\u00f6ss\u00e9gi m\u00e9dia integr\u00e1ci\u00f3t k\u00edn\u00e1l, \u00edgy k\u00f6nnyen megoszthatod alkot\u00e1saidat. Ezek a r\u00e9szletek teszik az alkalmaz\u00e1sokat val\u00f3ban n\u00e9lk\u00fcl\u00f6zhetetlenn\u00e9 mindazok sz\u00e1m\u00e1ra, akik fejleszteni szeretn\u00e9k a tud\u00e1sukat. <strong>ingyenes vizu\u00e1lis produkci\u00f3<\/strong>.<\/p>\n\n\n\n<h2 class=\"wp-block-heading\"><\/h2>\n\n\n\n<figure class=\"wp-block-image size-full is-resized\"><img loading=\"lazy\" decoding=\"async\" width=\"984\" height=\"691\" src=\"https:\/\/geekdois.com\/wp-content\/uploads\/2025\/03\/2019-07-03-gettyimages-903737188.webp\" alt=\"\" class=\"wp-image-48113\" style=\"width:598px;height:auto\" srcset=\"https:\/\/geekdois.com\/wp-content\/uploads\/2025\/03\/2019-07-03-gettyimages-903737188.webp 984w, https:\/\/geekdois.com\/wp-content\/uploads\/2025\/03\/2019-07-03-gettyimages-903737188-300x211.webp 300w, https:\/\/geekdois.com\/wp-content\/uploads\/2025\/03\/2019-07-03-gettyimages-903737188-768x539.webp 768w, https:\/\/geekdois.com\/wp-content\/uploads\/2025\/03\/2019-07-03-gettyimages-903737188-18x12.webp 18w\" sizes=\"auto, (max-width: 984px) 100vw, 984px\" \/><\/figure>\n\n\n\n<h2 class=\"wp-block-heading\">K\u00f6vetkeztet\u00e9s<\/h2>\n\n\n\n<p>R\u00f6viden, a <strong>ingyenes alkalmaz\u00e1sok professzion\u00e1lis fot\u00f3k k\u00e9sz\u00edt\u00e9s\u00e9hez<\/strong> hat\u00e9kony eszk\u00f6z\u00f6k, amelyek demokratikuss\u00e1 teszik a kiv\u00e1l\u00f3 min\u0151s\u00e9g\u0171 k\u00e9pek k\u00e9sz\u00edt\u00e9s\u00e9hez val\u00f3 hozz\u00e1f\u00e9r\u00e9st. Sz\u00e1mos funkci\u00f3t k\u00edn\u00e1lnak, a k\u00f6vetkez\u0151kt\u0151l kezdve <strong>kreat\u00edv sz\u0171r\u0151k<\/strong> -ig <strong>vizu\u00e1lis effektusok<\/strong>, biztos\u00edtva, hogy megtal\u00e1ld az ig\u00e9nyeidnek legink\u00e1bb megfelel\u0151 megold\u00e1st. Teh\u00e1t ne habozz kipr\u00f3b\u00e1lni a cikkben eml\u00edtett javaslatokat, \u00e9s megtal\u00e1lni azt, amelyik a legjobban megfelel az ig\u00e9nyeidnek. V\u00e9g\u00fcl is, ennyi lehet\u0151s\u00e9g k\u00f6z\u00fcl v\u00e1laszthatsz, \u00edgy a professzion\u00e1lis fot\u00f3k k\u00e9sz\u00edt\u00e9se soha nem volt m\u00e9g ilyen egyszer\u0171 vagy k\u00e9nyelmes.<\/p>","protected":false},"excerpt":{"rendered":"<p>Manaps\u00e1g a professzion\u00e1lis fot\u00f3k k\u00e9sz\u00edt\u00e9se m\u00e1r nem csak dr\u00e1ga eszk\u00f6z\u00f6kre \u00e9s bonyolult szoftverekre korl\u00e1toz\u00f3dik. A mobiltechnol\u00f3gia fejl\u0151d\u00e9s\u00e9vel sz\u00e1mos ingyenes alkalmaz\u00e1s jelent meg a piacon professzion\u00e1lis fot\u00f3k k\u00e9sz\u00edt\u00e9s\u00e9re, amelyek lehet\u0151v\u00e9 teszik b\u00e1rki sz\u00e1m\u00e1ra, hogy k\u00e9peit val\u00f3di m\u0171alkot\u00e1sokk\u00e1 alak\u00edtsa k\u00f6zvetlen\u00fcl a mobiltelefonj\u00e1r\u00f3l. Ezek az eszk\u00f6z\u00f6k olyan funkci\u00f3kat k\u00edn\u00e1lnak, mint [\u2026]<\/p>","protected":false},"author":1,"featured_media":48113,"comment_status":"closed","ping_status":"closed","sticky":false,"template":"","format":"standard","meta":{"_yoast_wpseo_focuskw":"criar fotos profissionais","_yoast_wpseo_metadesc":"Descubra aplicativos gratuitos para criar fotos profissionais e eleve sua produ\u00e7\u00e3o visual. Acesse ferramentas de edi\u00e7\u00e3o avan\u00e7ada!","mobile-allow":"","post-descricao":"","texto-interacao":"","bt-1":"","lk-1":"","bt-2":"","lk-2":"","bt-3":"","lk-3":"","bt-4":"","lk-4":"","footnotes":""},"categories":[5],"tags":[],"class_list":["post-48112","post","type-post","status-publish","format-standard","has-post-thumbnail","hentry","category-fotos"],"yoast_head":"<!-- This site is optimized with the Yoast SEO plugin v26.6 - https:\/\/yoast.com\/wordpress\/plugins\/seo\/ -->\n<title>Aplicativos gratuitos para criar fotos profissionais - Geekdois<\/title>\n<meta name=\"description\" content=\"Descubra aplicativos gratuitos para criar fotos profissionais e eleve sua produ\u00e7\u00e3o visual. Acesse ferramentas de edi\u00e7\u00e3o avan\u00e7ada!\" \/>\n<meta name=\"robots\" content=\"index, follow, max-snippet:-1, max-image-preview:large, max-video-preview:-1\" \/>\n<link rel=\"canonical\" href=\"https:\/\/geekdois.com\/hu\/professzionalis-fenykepeket-keszithet\/\" \/>\n<meta property=\"og:locale\" content=\"hu_HU\" \/>\n<meta property=\"og:type\" content=\"article\" \/>\n<meta property=\"og:title\" content=\"Aplicativos gratuitos para criar fotos profissionais - Geekdois\" \/>\n<meta property=\"og:description\" content=\"Descubra aplicativos gratuitos para criar fotos profissionais e eleve sua produ\u00e7\u00e3o visual. Acesse ferramentas de edi\u00e7\u00e3o avan\u00e7ada!\" \/>\n<meta property=\"og:url\" content=\"https:\/\/geekdois.com\/hu\/professzionalis-fenykepeket-keszithet\/\" \/>\n<meta property=\"og:site_name\" content=\"Geekdois\" \/>\n<meta property=\"article:published_time\" content=\"2025-03-25T17:02:41+00:00\" \/>\n<meta property=\"og:image\" content=\"https:\/\/geekdois.com\/wp-content\/uploads\/2025\/03\/2019-07-03-gettyimages-903737188.webp\" \/>\n\t<meta property=\"og:image:width\" content=\"984\" \/>\n\t<meta property=\"og:image:height\" content=\"691\" \/>\n\t<meta property=\"og:image:type\" content=\"image\/webp\" \/>\n<meta name=\"author\" content=\"Ricardo Sanches\" \/>\n<meta name=\"twitter:card\" content=\"summary_large_image\" \/>\n<meta name=\"twitter:label1\" content=\"Szerz\u0151:\" \/>\n\t<meta name=\"twitter:data1\" content=\"Ricardo Sanches\" \/>\n\t<meta name=\"twitter:label2\" content=\"Becs\u00fclt olvas\u00e1si id\u0151\" \/>\n\t<meta name=\"twitter:data2\" content=\"6 perc\" \/>\n<script type=\"application\/ld+json\" class=\"yoast-schema-graph\">{\"@context\":\"https:\/\/schema.org\",\"@graph\":[{\"@type\":\"Article\",\"@id\":\"https:\/\/geekdois.com\/criar-fotos-profissionais\/#article\",\"isPartOf\":{\"@id\":\"https:\/\/geekdois.com\/criar-fotos-profissionais\/\"},\"author\":{\"name\":\"Ricardo Sanches\",\"@id\":\"https:\/\/geekdois.com\/#\/schema\/person\/bb541903872d085fa90ac00beaa188b9\"},\"headline\":\"Aplicativos gratuitos para criar fotos profissionais\",\"datePublished\":\"2025-03-25T17:02:41+00:00\",\"mainEntityOfPage\":{\"@id\":\"https:\/\/geekdois.com\/criar-fotos-profissionais\/\"},\"wordCount\":1058,\"publisher\":{\"@id\":\"https:\/\/geekdois.com\/#organization\"},\"image\":{\"@id\":\"https:\/\/geekdois.com\/criar-fotos-profissionais\/#primaryimage\"},\"thumbnailUrl\":\"https:\/\/geekdois.com\/wp-content\/uploads\/2025\/03\/2019-07-03-gettyimages-903737188.webp\",\"articleSection\":[\"Fotos\"],\"inLanguage\":\"hu\"},{\"@type\":\"WebPage\",\"@id\":\"https:\/\/geekdois.com\/criar-fotos-profissionais\/\",\"url\":\"https:\/\/geekdois.com\/criar-fotos-profissionais\/\",\"name\":\"Aplicativos gratuitos para criar fotos profissionais - Geekdois\",\"isPartOf\":{\"@id\":\"https:\/\/geekdois.com\/#website\"},\"primaryImageOfPage\":{\"@id\":\"https:\/\/geekdois.com\/criar-fotos-profissionais\/#primaryimage\"},\"image\":{\"@id\":\"https:\/\/geekdois.com\/criar-fotos-profissionais\/#primaryimage\"},\"thumbnailUrl\":\"https:\/\/geekdois.com\/wp-content\/uploads\/2025\/03\/2019-07-03-gettyimages-903737188.webp\",\"datePublished\":\"2025-03-25T17:02:41+00:00\",\"description\":\"Descubra aplicativos gratuitos para criar fotos profissionais e eleve sua produ\u00e7\u00e3o visual. Acesse ferramentas de edi\u00e7\u00e3o avan\u00e7ada!\",\"breadcrumb\":{\"@id\":\"https:\/\/geekdois.com\/criar-fotos-profissionais\/#breadcrumb\"},\"inLanguage\":\"hu\",\"potentialAction\":[{\"@type\":\"ReadAction\",\"target\":[\"https:\/\/geekdois.com\/criar-fotos-profissionais\/\"]}]},{\"@type\":\"ImageObject\",\"inLanguage\":\"hu\",\"@id\":\"https:\/\/geekdois.com\/criar-fotos-profissionais\/#primaryimage\",\"url\":\"https:\/\/geekdois.com\/wp-content\/uploads\/2025\/03\/2019-07-03-gettyimages-903737188.webp\",\"contentUrl\":\"https:\/\/geekdois.com\/wp-content\/uploads\/2025\/03\/2019-07-03-gettyimages-903737188.webp\",\"width\":984,\"height\":691,\"caption\":\"criar fotos profissionais\"},{\"@type\":\"BreadcrumbList\",\"@id\":\"https:\/\/geekdois.com\/criar-fotos-profissionais\/#breadcrumb\",\"itemListElement\":[{\"@type\":\"ListItem\",\"position\":1,\"name\":\"In\u00edcio\",\"item\":\"https:\/\/geekdois.com\/\"},{\"@type\":\"ListItem\",\"position\":2,\"name\":\"Aplicativos gratuitos para criar fotos profissionais\"}]},{\"@type\":\"WebSite\",\"@id\":\"https:\/\/geekdois.com\/#website\",\"url\":\"https:\/\/geekdois.com\/\",\"name\":\"Noticia Tecnologia\",\"description\":\"Tudo sobre aplicativos!\",\"publisher\":{\"@id\":\"https:\/\/geekdois.com\/#organization\"},\"potentialAction\":[{\"@type\":\"SearchAction\",\"target\":{\"@type\":\"EntryPoint\",\"urlTemplate\":\"https:\/\/geekdois.com\/?s={search_term_string}\"},\"query-input\":{\"@type\":\"PropertyValueSpecification\",\"valueRequired\":true,\"valueName\":\"search_term_string\"}}],\"inLanguage\":\"hu\"},{\"@type\":\"Organization\",\"@id\":\"https:\/\/geekdois.com\/#organization\",\"name\":\"Spotads\",\"url\":\"https:\/\/geekdois.com\/\",\"logo\":{\"@type\":\"ImageObject\",\"inLanguage\":\"hu\",\"@id\":\"https:\/\/geekdois.com\/#\/schema\/logo\/image\/\",\"url\":\"https:\/\/geekdois.com\/wp-content\/uploads\/2024\/06\/NOTICIA-LOGO-1.png\",\"contentUrl\":\"https:\/\/geekdois.com\/wp-content\/uploads\/2024\/06\/NOTICIA-LOGO-1.png\",\"width\":250,\"height\":60,\"caption\":\"Spotads\"},\"image\":{\"@id\":\"https:\/\/geekdois.com\/#\/schema\/logo\/image\/\"}},{\"@type\":\"Person\",\"@id\":\"https:\/\/geekdois.com\/#\/schema\/person\/bb541903872d085fa90ac00beaa188b9\",\"name\":\"Ricardo Sanches\",\"description\":\"Sou especialista em Tecnologia da Informa\u00e7\u00e3o e atualmente colaboro como redator no blog Not\u00edcia Tecnologia. Minha miss\u00e3o \u00e9 criar conte\u00fados informativos e envolventes para voc\u00ea, trazendo novidades e tend\u00eancias do mundo tecnol\u00f3gico diariamente.\",\"sameAs\":[\"https:\/\/geekdois.com\"],\"url\":\"https:\/\/geekdois.com\/hu\/author\/filipe\/\"}]}<\/script>\n<!-- \/ Yoast SEO plugin. -->","yoast_head_json":{"title":"Ingyenes alkalmaz\u00e1sok professzion\u00e1lis fot\u00f3k k\u00e9sz\u00edt\u00e9s\u00e9hez - Geekdois","description":"Fedezz fel ingyenes alkalmaz\u00e1sokat professzion\u00e1lis fot\u00f3k k\u00e9sz\u00edt\u00e9s\u00e9hez \u00e9s a vizu\u00e1lis produkci\u00f3d fejleszt\u00e9s\u00e9hez. Haszn\u00e1ld a fejlett szerkeszt\u0151eszk\u00f6z\u00f6ket!","robots":{"index":"index","follow":"follow","max-snippet":"max-snippet:-1","max-image-preview":"max-image-preview:large","max-video-preview":"max-video-preview:-1"},"canonical":"https:\/\/geekdois.com\/hu\/professzionalis-fenykepeket-keszithet\/","og_locale":"hu_HU","og_type":"article","og_title":"Aplicativos gratuitos para criar fotos profissionais - Geekdois","og_description":"Descubra aplicativos gratuitos para criar fotos profissionais e eleve sua produ\u00e7\u00e3o visual. Acesse ferramentas de edi\u00e7\u00e3o avan\u00e7ada!","og_url":"https:\/\/geekdois.com\/hu\/professzionalis-fenykepeket-keszithet\/","og_site_name":"Geekdois","article_published_time":"2025-03-25T17:02:41+00:00","og_image":[{"width":984,"height":691,"url":"https:\/\/geekdois.com\/wp-content\/uploads\/2025\/03\/2019-07-03-gettyimages-903737188.webp","type":"image\/webp"}],"author":"Ricardo Sanches","twitter_card":"summary_large_image","twitter_misc":{"Szerz\u0151:":"Ricardo Sanches","Becs\u00fclt olvas\u00e1si id\u0151":"6 perc"},"schema":{"@context":"https:\/\/schema.org","@graph":[{"@type":"Article","@id":"https:\/\/geekdois.com\/criar-fotos-profissionais\/#article","isPartOf":{"@id":"https:\/\/geekdois.com\/criar-fotos-profissionais\/"},"author":{"name":"Ricardo Sanches","@id":"https:\/\/geekdois.com\/#\/schema\/person\/bb541903872d085fa90ac00beaa188b9"},"headline":"Aplicativos gratuitos para criar fotos profissionais","datePublished":"2025-03-25T17:02:41+00:00","mainEntityOfPage":{"@id":"https:\/\/geekdois.com\/criar-fotos-profissionais\/"},"wordCount":1058,"publisher":{"@id":"https:\/\/geekdois.com\/#organization"},"image":{"@id":"https:\/\/geekdois.com\/criar-fotos-profissionais\/#primaryimage"},"thumbnailUrl":"https:\/\/geekdois.com\/wp-content\/uploads\/2025\/03\/2019-07-03-gettyimages-903737188.webp","articleSection":["Fotos"],"inLanguage":"hu"},{"@type":"WebPage","@id":"https:\/\/geekdois.com\/criar-fotos-profissionais\/","url":"https:\/\/geekdois.com\/criar-fotos-profissionais\/","name":"Ingyenes alkalmaz\u00e1sok professzion\u00e1lis fot\u00f3k k\u00e9sz\u00edt\u00e9s\u00e9hez - Geekdois","isPartOf":{"@id":"https:\/\/geekdois.com\/#website"},"primaryImageOfPage":{"@id":"https:\/\/geekdois.com\/criar-fotos-profissionais\/#primaryimage"},"image":{"@id":"https:\/\/geekdois.com\/criar-fotos-profissionais\/#primaryimage"},"thumbnailUrl":"https:\/\/geekdois.com\/wp-content\/uploads\/2025\/03\/2019-07-03-gettyimages-903737188.webp","datePublished":"2025-03-25T17:02:41+00:00","description":"Fedezz fel ingyenes alkalmaz\u00e1sokat professzion\u00e1lis fot\u00f3k k\u00e9sz\u00edt\u00e9s\u00e9hez \u00e9s a vizu\u00e1lis produkci\u00f3d fejleszt\u00e9s\u00e9hez. Haszn\u00e1ld a fejlett szerkeszt\u0151eszk\u00f6z\u00f6ket!","breadcrumb":{"@id":"https:\/\/geekdois.com\/criar-fotos-profissionais\/#breadcrumb"},"inLanguage":"hu","potentialAction":[{"@type":"ReadAction","target":["https:\/\/geekdois.com\/criar-fotos-profissionais\/"]}]},{"@type":"ImageObject","inLanguage":"hu","@id":"https:\/\/geekdois.com\/criar-fotos-profissionais\/#primaryimage","url":"https:\/\/geekdois.com\/wp-content\/uploads\/2025\/03\/2019-07-03-gettyimages-903737188.webp","contentUrl":"https:\/\/geekdois.com\/wp-content\/uploads\/2025\/03\/2019-07-03-gettyimages-903737188.webp","width":984,"height":691,"caption":"criar fotos profissionais"},{"@type":"BreadcrumbList","@id":"https:\/\/geekdois.com\/criar-fotos-profissionais\/#breadcrumb","itemListElement":[{"@type":"ListItem","position":1,"name":"In\u00edcio","item":"https:\/\/geekdois.com\/"},{"@type":"ListItem","position":2,"name":"Aplicativos gratuitos para criar fotos profissionais"}]},{"@type":"WebSite","@id":"https:\/\/geekdois.com\/#website","url":"https:\/\/geekdois.com\/","name":"Technol\u00f3giai h\u00edrek","description":"Mindent az alkalmaz\u00e1sokr\u00f3l!","publisher":{"@id":"https:\/\/geekdois.com\/#organization"},"potentialAction":[{"@type":"SearchAction","target":{"@type":"EntryPoint","urlTemplate":"https:\/\/geekdois.com\/?s={search_term_string}"},"query-input":{"@type":"PropertyValueSpecification","valueRequired":true,"valueName":"search_term_string"}}],"inLanguage":"hu"},{"@type":"Organization","@id":"https:\/\/geekdois.com\/#organization","name":"Spotads","url":"https:\/\/geekdois.com\/","logo":{"@type":"ImageObject","inLanguage":"hu","@id":"https:\/\/geekdois.com\/#\/schema\/logo\/image\/","url":"https:\/\/geekdois.com\/wp-content\/uploads\/2024\/06\/NOTICIA-LOGO-1.png","contentUrl":"https:\/\/geekdois.com\/wp-content\/uploads\/2024\/06\/NOTICIA-LOGO-1.png","width":250,"height":60,"caption":"Spotads"},"image":{"@id":"https:\/\/geekdois.com\/#\/schema\/logo\/image\/"}},{"@type":"Person","@id":"https:\/\/geekdois.com\/#\/schema\/person\/bb541903872d085fa90ac00beaa188b9","name":"Ricardo Sanches","description":"Informatikai szak\u00e9rt\u0151 vagyok, jelenleg a Not\u00edcia Tecnologia blog \u00edr\u00f3jak\u00e9nt dolgozom. Az a k\u00fcldet\u00e9sem, hogy informat\u00edv \u00e9s lebilincsel\u0151 tartalmat k\u00e9sz\u00edtsek sz\u00e1modra, napi rendszeress\u00e9ggel hozva sz\u00e1modra h\u00edreket \u00e9s trendeket a technol\u00f3giai vil\u00e1gb\u00f3l.","sameAs":["https:\/\/geekdois.com"],"url":"https:\/\/geekdois.com\/hu\/author\/filipe\/"}]}},"_links":{"self":[{"href":"https:\/\/geekdois.com\/hu\/wp-json\/wp\/v2\/posts\/48112","targetHints":{"allow":["GET"]}}],"collection":[{"href":"https:\/\/geekdois.com\/hu\/wp-json\/wp\/v2\/posts"}],"about":[{"href":"https:\/\/geekdois.com\/hu\/wp-json\/wp\/v2\/types\/post"}],"author":[{"embeddable":true,"href":"https:\/\/geekdois.com\/hu\/wp-json\/wp\/v2\/users\/1"}],"replies":[{"embeddable":true,"href":"https:\/\/geekdois.com\/hu\/wp-json\/wp\/v2\/comments?post=48112"}],"version-history":[{"count":1,"href":"https:\/\/geekdois.com\/hu\/wp-json\/wp\/v2\/posts\/48112\/revisions"}],"predecessor-version":[{"id":48114,"href":"https:\/\/geekdois.com\/hu\/wp-json\/wp\/v2\/posts\/48112\/revisions\/48114"}],"wp:featuredmedia":[{"embeddable":true,"href":"https:\/\/geekdois.com\/hu\/wp-json\/wp\/v2\/media\/48113"}],"wp:attachment":[{"href":"https:\/\/geekdois.com\/hu\/wp-json\/wp\/v2\/media?parent=48112"}],"wp:term":[{"taxonomy":"category","embeddable":true,"href":"https:\/\/geekdois.com\/hu\/wp-json\/wp\/v2\/categories?post=48112"},{"taxonomy":"post_tag","embeddable":true,"href":"https:\/\/geekdois.com\/hu\/wp-json\/wp\/v2\/tags?post=48112"}],"curies":[{"name":"munkaf\u00fczet","href":"https:\/\/api.w.org\/{rel}","templated":true}]}}